{"id":2667,"date":"2024-03-12T14:12:31","date_gmt":"2024-03-12T12:12:31","guid":{"rendered":"https:\/\/www.lehrlingsstiftung.at\/wp\/?p=2667"},"modified":"2024-03-12T14:13:51","modified_gmt":"2024-03-12T12:13:51","slug":"wir-sind-demokratie","status":"publish","type":"post","link":"https:\/\/www.lehrlingsstiftung.at\/wp\/wir-sind-demokratie\/","title":{"rendered":"Wir sind Demokratie"},"content":{"rendered":"\n<figure class=\"wp-block-image size-large\"><a href=\"https:\/\/www.lehrlingsstiftung.at\/wp\/wp-content\/uploads\/2024\/03\/P1.jpg\"><img loading=\"lazy\" width=\"1024\" height=\"759\" src=\"https:\/\/www.lehrlingsstiftung.at\/wp\/wp-content\/uploads\/2024\/03\/P1-1024x759.jpg\" alt=\"\" class=\"wp-image-2670\" srcset=\"https:\/\/www.lehrlingsstiftung.at\/wp\/wp-content\/uploads\/2024\/03\/P1-1024x759.jpg 1024w, https:\/\/www.lehrlingsstiftung.at\/wp\/wp-content\/uploads\/2024\/03\/P1-300x222.jpg 300w, https:\/\/www.lehrlingsstiftung.at\/wp\/wp-content\/uploads\/2024\/03\/P1-768x569.jpg 768w, https:\/\/www.lehrlingsstiftung.at\/wp\/wp-content\/uploads\/2024\/03\/P1.jpg 1200w\" sizes=\"(max-width: 1024px) 100vw, 1024px\" \/><\/a><\/figure>\n\n\n\n<p>Die Lehrlinge der Lehrlingsstiftung besuchten im M\u00e4rz anl\u00e4sslich ihres Wien-Ausfluges auch das Parlament. Dabei wurden auch die R\u00e4ume besichtigt, in denen Nationalrat und Bundesrat ihre Tagungen abhalten. Es gab Informationen \u00fcber die Regelungen der Gesetzgebung, die parlamentarische Kontrolle, sowie die verschiedenen Beteiligungsm\u00f6glichkeiten f\u00fcr die Bev\u00f6lkerung.<\/p>\n\n\n\n<figure class=\"wp-block-image size-large\"><a href=\"https:\/\/www.lehrlingsstiftung.at\/wp\/wp-content\/uploads\/2024\/03\/P2.jpg\"><img loading=\"lazy\" width=\"1024\" height=\"640\" src=\"https:\/\/www.lehrlingsstiftung.at\/wp\/wp-content\/uploads\/2024\/03\/P2-1024x640.jpg\" alt=\"\" class=\"wp-image-2671\" srcset=\"https:\/\/www.lehrlingsstiftung.at\/wp\/wp-content\/uploads\/2024\/03\/P2-1024x640.jpg 1024w, https:\/\/www.lehrlingsstiftung.at\/wp\/wp-content\/uploads\/2024\/03\/P2-300x188.jpg 300w, https:\/\/www.lehrlingsstiftung.at\/wp\/wp-content\/uploads\/2024\/03\/P2-768x480.jpg 768w, https:\/\/www.lehrlingsstiftung.at\/wp\/wp-content\/uploads\/2024\/03\/P2.jpg 1200w\" sizes=\"(max-width: 1024px) 100vw, 1024px\" \/><\/a><\/figure>\n\n\n\n<p><a><\/a><\/p>\n\n\n\n<p><a href=\"https:\/\/www.bundespraesident.at\/fileadmin\/_processed_\/5\/d\/csm_53363264512_e68ecca1b7_o_e14b009274.jpg\" target=\"_blank\" rel=\"noreferrer noopener\"><\/a><\/p>\n","protected":false},"excerpt":{"rendered":"<p>Die Lehrlinge der Lehrlingsstiftung besuchten im M\u00e4rz anl\u00e4sslich ihres Wien-Ausfluges auch das Parlament. Dabei wurden auch die R\u00e4ume besichtigt, in denen Nationalrat und Bundesrat ihre Tagungen abhalten. Es gab Informationen \u00fcber die Regelungen der Gesetzgebung, die parlamentarische Kontrolle, sowie die verschiedenen Beteiligungsm\u00f6glichkeiten f\u00fcr die Bev\u00f6lkerung.<\/p>\n","protected":false},"author":3,"featured_media":0,"comment_status":"closed","ping_status":"closed","sticky":false,"template":"","format":"standard","meta":[],"categories":[1],"tags":[],"_links":{"self":[{"href":"https:\/\/www.lehrlingsstiftung.at\/wp\/wp-json\/wp\/v2\/posts\/2667"}],"collection":[{"href":"https:\/\/www.lehrlingsstiftung.at\/wp\/wp-json\/wp\/v2\/posts"}],"about":[{"href":"https:\/\/www.lehrlingsstiftung.at\/wp\/wp-json\/wp\/v2\/types\/post"}],"author":[{"embeddable":true,"href":"https:\/\/www.lehrlingsstiftung.at\/wp\/wp-json\/wp\/v2\/users\/3"}],"replies":[{"embeddable":true,"href":"https:\/\/www.lehrlingsstiftung.at\/wp\/wp-json\/wp\/v2\/comments?post=2667"}],"version-history":[{"count":1,"href":"https:\/\/www.lehrlingsstiftung.at\/wp\/wp-json\/wp\/v2\/posts\/2667\/revisions"}],"predecessor-version":[{"id":2672,"href":"https:\/\/www.lehrlingsstiftung.at\/wp\/wp-json\/wp\/v2\/posts\/2667\/revisions\/2672"}],"wp:attachment":[{"href":"https:\/\/www.lehrlingsstiftung.at\/wp\/wp-json\/wp\/v2\/media?parent=2667"}],"wp:term":[{"taxonomy":"category","embeddable":true,"href":"https:\/\/www.lehrlingsstiftung.at\/wp\/wp-json\/wp\/v2\/categories?post=2667"},{"taxonomy":"post_tag","embeddable":true,"href":"https:\/\/www.lehrlingsstiftung.at\/wp\/wp-json\/wp\/v2\/tags?post=2667"}],"curies":[{"name":"wp","href":"https:\/\/api.w.org\/{rel}","templated":true}]}}