{"id":2908,"date":"2025-05-19T09:13:39","date_gmt":"2025-05-19T07:13:39","guid":{"rendered":"https:\/\/www.lehrlingsstiftung.at\/wp\/?p=2908"},"modified":"2025-05-19T09:20:48","modified_gmt":"2025-05-19T07:20:48","slug":"besucherrekord-am-tag-der-offenen-tuer-2025","status":"publish","type":"post","link":"https:\/\/www.lehrlingsstiftung.at\/wp\/besucherrekord-am-tag-der-offenen-tuer-2025\/","title":{"rendered":"Besucherrekord am Tag der offenen T\u00fcr 2025"},"content":{"rendered":"\n<figure class=\"wp-block-image size-full\"><a href=\"https:\/\/www.lehrlingsstiftung.at\/wp\/wp-content\/uploads\/2025\/05\/DSC07741.jpg\"><img loading=\"lazy\" width=\"1000\" height=\"666\" src=\"https:\/\/www.lehrlingsstiftung.at\/wp\/wp-content\/uploads\/2025\/05\/DSC07741.jpg\" alt=\"\" class=\"wp-image-2909\" srcset=\"https:\/\/www.lehrlingsstiftung.at\/wp\/wp-content\/uploads\/2025\/05\/DSC07741.jpg 1000w, https:\/\/www.lehrlingsstiftung.at\/wp\/wp-content\/uploads\/2025\/05\/DSC07741-300x200.jpg 300w, https:\/\/www.lehrlingsstiftung.at\/wp\/wp-content\/uploads\/2025\/05\/DSC07741-768x511.jpg 768w\" sizes=\"(max-width: 1000px) 100vw, 1000px\" \/><\/a><\/figure>\n\n\n\n<p><\/p>\n\n\n\n<p>Reger Andrang herrschte am diesj\u00e4hrigen Tag der offenen T\u00fcr in der Lehrlingsstiftung. Knapp 400 G\u00e4ste besuchten unsere Werkst\u00e4tten, unseren Pflanzenmarkt und genossen K\u00f6stlichkeiten aus unserer K\u00fcche und Konditorei. Danke f\u00fcr Ihren Besuch! Wir freuen uns auf ein Wiedersehen im kommenden Jahr 2026! Anbei noch ein aktueller <a href=\"http:\/\/www.lehrlingsstiftung.at\/wp\/wp-content\/uploads\/2025\/05\/joined-1.pdf\">Artikel<\/a> zu der Veranstaltung.<\/p>\n\n\n\n<figure class=\"wp-block-image size-full\"><a href=\"https:\/\/www.lehrlingsstiftung.at\/wp\/wp-content\/uploads\/2025\/05\/DSC07758.jpg\"><img loading=\"lazy\" width=\"800\" height=\"533\" src=\"https:\/\/www.lehrlingsstiftung.at\/wp\/wp-content\/uploads\/2025\/05\/DSC07758.jpg\" alt=\"\" class=\"wp-image-2910\" srcset=\"https:\/\/www.lehrlingsstiftung.at\/wp\/wp-content\/uploads\/2025\/05\/DSC07758.jpg 800w, https:\/\/www.lehrlingsstiftung.at\/wp\/wp-content\/uploads\/2025\/05\/DSC07758-300x200.jpg 300w, https:\/\/www.lehrlingsstiftung.at\/wp\/wp-content\/uploads\/2025\/05\/DSC07758-768x512.jpg 768w\" sizes=\"(max-width: 800px) 100vw, 800px\" \/><\/a><\/figure>\n\n\n\n<figure class=\"wp-block-image size-full\"><a href=\"https:\/\/www.lehrlingsstiftung.at\/wp\/wp-content\/uploads\/2025\/05\/DSC07763.jpg\"><img loading=\"lazy\" width=\"800\" height=\"533\" src=\"https:\/\/www.lehrlingsstiftung.at\/wp\/wp-content\/uploads\/2025\/05\/DSC07763.jpg\" alt=\"\" class=\"wp-image-2911\" srcset=\"https:\/\/www.lehrlingsstiftung.at\/wp\/wp-content\/uploads\/2025\/05\/DSC07763.jpg 800w, https:\/\/www.lehrlingsstiftung.at\/wp\/wp-content\/uploads\/2025\/05\/DSC07763-300x200.jpg 300w, https:\/\/www.lehrlingsstiftung.at\/wp\/wp-content\/uploads\/2025\/05\/DSC07763-768x512.jpg 768w\" sizes=\"(max-width: 800px) 100vw, 800px\" \/><\/a><\/figure>\n","protected":false},"excerpt":{"rendered":"<p>Reger Andrang herrschte am diesj\u00e4hrigen Tag der offenen T\u00fcr in der Lehrlingsstiftung. Knapp 400 G\u00e4ste besuchten unsere Werkst\u00e4tten, unseren Pflanzenmarkt und genossen K\u00f6stlichkeiten aus unserer K\u00fcche und Konditorei. Danke f\u00fcr Ihren Besuch! Wir freuen uns auf ein Wiedersehen im kommenden Jahr 2026! Anbei noch ein aktueller Artikel zu der Veranstaltung.<\/p>\n","protected":false},"author":3,"featured_media":0,"comment_status":"closed","ping_status":"closed","sticky":false,"template":"","format":"standard","meta":[],"categories":[1],"tags":[],"_links":{"self":[{"href":"https:\/\/www.lehrlingsstiftung.at\/wp\/wp-json\/wp\/v2\/posts\/2908"}],"collection":[{"href":"https:\/\/www.lehrlingsstiftung.at\/wp\/wp-json\/wp\/v2\/posts"}],"about":[{"href":"https:\/\/www.lehrlingsstiftung.at\/wp\/wp-json\/wp\/v2\/types\/post"}],"author":[{"embeddable":true,"href":"https:\/\/www.lehrlingsstiftung.at\/wp\/wp-json\/wp\/v2\/users\/3"}],"replies":[{"embeddable":true,"href":"https:\/\/www.lehrlingsstiftung.at\/wp\/wp-json\/wp\/v2\/comments?post=2908"}],"version-history":[{"count":2,"href":"https:\/\/www.lehrlingsstiftung.at\/wp\/wp-json\/wp\/v2\/posts\/2908\/revisions"}],"predecessor-version":[{"id":2914,"href":"https:\/\/www.lehrlingsstiftung.at\/wp\/wp-json\/wp\/v2\/posts\/2908\/revisions\/2914"}],"wp:attachment":[{"href":"https:\/\/www.lehrlingsstiftung.at\/wp\/wp-json\/wp\/v2\/media?parent=2908"}],"wp:term":[{"taxonomy":"category","embeddable":true,"href":"https:\/\/www.lehrlingsstiftung.at\/wp\/wp-json\/wp\/v2\/categories?post=2908"},{"taxonomy":"post_tag","embeddable":true,"href":"https:\/\/www.lehrlingsstiftung.at\/wp\/wp-json\/wp\/v2\/tags?post=2908"}],"curies":[{"name":"wp","href":"https:\/\/api.w.org\/{rel}","templated":true}]}}